{"id":758,"date":"2017-08-11T12:00:12","date_gmt":"2017-08-11T10:00:12","guid":{"rendered":"http:\/\/www.reginequeva.fr\/?page_id=758"},"modified":"2019-10-25T14:54:36","modified_gmt":"2019-10-25T12:54:36","slug":"toutes-les-videos","status":"publish","type":"post","link":"http:\/\/www.reginequeva.fr\/?p=758","title":{"rendered":"Toutes les vid\u00e9os et \u00e9missions radio"},"content":{"rendered":"<h1>TV<\/h1>\n<hr \/>\n<p><img decoding=\"async\" class=\"size-full wp-image-1236 aligncenter\" src=\"http:\/\/www.reginequeva.fr\/wp-content\/uploads\/2017\/10\/droppedImage.jpg\" alt=\"\" width=\"87\" height=\"32\" \/><\/p>\n<p class=\"title style-scope ytd-video-primary-info-renderer\" style=\"text-align: center;\"><a href=\"https:\/\/youtu.be\/kXz9m3HaFJc\" target=\"_blank\" rel=\"noopener noreferrer\">Atelier de cuisine aux algues<\/a><\/p>\n<p style=\"text-align: center;\"><img decoding=\"async\" class=\"size-full wp-image-1222 aligncenter\" src=\"http:\/\/www.reginequeva.fr\/wp-content\/uploads\/2017\/10\/imgresimgurlhttp3A2F2Fmedias.unifrance.org2Fmedias2F222F942F240862Fformat_hd2Ffrance-2.pngimgrefurlhttp3A2F2Fwww.unifrance.jpg\" alt=\"\" width=\"43\" height=\"73\" \/><\/p>\n<p style=\"text-align: center;\"><a href=\"https:\/\/www.youtube.com\/watch?v=veui79C5lpo\" target=\"_blank\" rel=\"noopener noreferrer\">Le futur dans votre assiette<\/a><\/p>\n<p class=\"paragraph_style_2\" style=\"text-align: center;\"><a href=\"https:\/\/www.youtube.com\/watch?v=bmBVUGCdpyQ&amp;feature=youtu.be\" target=\"_blank\" rel=\"noopener noreferrer\">Algues\u00a0:\u00a0les nouvelles recettes beaut\u00e9<\/a><\/p>\n<p style=\"text-align: center;\"><a href=\"https:\/\/www.youtube.com\/watch?v=mM5AE1mVtRs&amp;feature=youtu.be\">Vos recettes beaut\u00e9 sorties\u2026 de votre placard<\/a><\/p>\n<p class=\"paragraph_style_9\" style=\"text-align: center;\"><a href=\"http:\/\/www.francetvinfo.fr\/culture\/gastronomie\/decouverte-quand-l-algue-fait-son-entree-dans-la-gastronomie-francaise_1085455.html\" target=\"_blank\" rel=\"noopener noreferrer\"><img decoding=\"async\" class=\"size-full wp-image-1230 aligncenter\" src=\"http:\/\/www.reginequeva.fr\/wp-content\/uploads\/2017\/10\/droppedImage_2.jpg\" alt=\"\" width=\"63\" height=\"72\" \/><\/a><\/p>\n<p class=\"paragraph_style_9\" style=\"text-align: center;\"><a href=\"http:\/\/www.francetvinfo.fr\/culture\/gastronomie\/decouverte-quand-l-algue-fait-son-entree-dans-la-gastronomie-francaise_1085455.html\" target=\"_blank\" rel=\"noopener noreferrer\">L\u2019algue dans\u00a0la gastronomie fran\u00e7aise<\/a><\/p>\n<p class=\"paragraph_style_9\" style=\"text-align: center;\"><a href=\"http:\/\/www.francetvinfo.fr\/economie\/menages\/en-bretagne-une-commune-dit-stop-aux-produits-menagers_1400807.html\" target=\"_blank\" rel=\"noopener noreferrer\">Les communes passent\u00a0aux produits naturels<\/a><\/p>\n<p class=\"paragraph_style_9\" style=\"text-align: center;\"><a href=\"https:\/\/www.youtube.com\/watch?v=PECAT_cAXbQ&amp;feature=youtu.be\" target=\"_blank\" rel=\"noopener noreferrer\">Formation Cuisine aux algues<\/a><\/p>\n<p><img loading=\"lazy\" decoding=\"async\" class=\"aligncenter size-full wp-image-1220\" src=\"http:\/\/www.reginequeva.fr\/wp-content\/uploads\/2017\/10\/France5-1_1.jpg\" alt=\"\" width=\"45\" height=\"77\" \/><\/p>\n<p style=\"text-align: center;\"><a href=\"http:\/\/www.allodocteurs.fr\/emissions\/allo-docteurs\/allo-docteurs-du-06-06-2017_26335.html\" target=\"_blank\" rel=\"noopener noreferrer\">Allo docteurs<\/a><\/p>\n<p style=\"text-align: center;\"><a href=\"http:\/\/www.allodocteurs.fr\/alimentation\/aliments\/les-algues-des-bienfaits-insoupconnes_8546.html\" target=\"_blank\" rel=\"noopener noreferrer\">Algues des bienfaits insoup\u00e7onn\u00e9s<\/a><\/p>\n<p style=\"text-align: center;\"><a href=\"https:\/\/www.youtube.com\/watch?v=vbvPUj9Co3U\" target=\"_blank\" rel=\"noopener noreferrer\">Les mille et une vertus des algues\u00a0<\/a><\/p>\n<p style=\"text-align: center;\"><a href=\"https:\/\/www.youtube.com\/watch?v=vmUatPNI9ro\" target=\"_blank\" rel=\"noopener noreferrer\">Manger des algues bretonnes : \u00e7a vous \u00e9tonne ?<\/a><\/p>\n<p><img loading=\"lazy\" decoding=\"async\" class=\"aligncenter size-full wp-image-1219\" src=\"http:\/\/www.reginequeva.fr\/wp-content\/uploads\/2017\/10\/shapeimage_2.png\" alt=\"\" width=\"102\" height=\"61\" \/><\/p>\n<p><img loading=\"lazy\" decoding=\"async\" class=\"aligncenter size-full wp-image-1218\" src=\"http:\/\/www.reginequeva.fr\/wp-content\/uploads\/2017\/10\/Ushua2525C32525AFa_TV_logo_2010.jpg\" alt=\"\" width=\"129\" height=\"38\" \/><\/p>\n<p><img loading=\"lazy\" decoding=\"async\" class=\"aligncenter size-full wp-image-1228\" src=\"http:\/\/www.reginequeva.fr\/wp-content\/uploads\/2017\/10\/Cartouche_TV5Monde.jpg\" alt=\"\" width=\"89\" height=\"31\" \/><\/p>\n<h1>\u00c9MISSIONS RADIO<\/h1>\n<hr \/>\n<div class=\"wp-playlist wp-audio-playlist wp-playlist-light\">\n\t\t\t<div class=\"wp-playlist-current-item\"><\/div>\n\t\t<audio controls=\"controls\" preload=\"none\" width=\"1178\"\n\t\t\t><\/audio>\n\t<div class=\"wp-playlist-next\"><\/div>\n\t<div class=\"wp-playlist-prev\"><\/div>\n\t<noscript>\n\t<ol>\n\t\t<li><a href='http:\/\/www.reginequeva.fr\/wp-content\/uploads\/2017\/08\/RTL-RQ-faire-ses-conserves-produits-cosmetiques-menagers-maison.mp3'>Faire ses conserves, produits cosm\u00e9tiques & m\u00e9nagers maison !<\/a><\/li><li><a href='http:\/\/www.reginequeva.fr\/wp-content\/uploads\/2018\/02\/Re\u0301gine-Que\u0301va-_-les-produit-naturels.mp3'>Produits naturels :mardi 27 f\u00e9vrier 2018, 9h-9h30 R\u00e9gine Qu\u00e9va : les produit naturels<\/a><\/li><li><a href='http:\/\/www.reginequeva.fr\/wp-content\/uploads\/2018\/04\/Realiser-ses-produits-me\u0301nagers-ou-cosme\u0301tiques-de-fac\u0327on-naturelle-_-Re\u0301gine-Que\u0301va.mp3'>Realiser ses produits m\u00e9nagers ou cosm\u00e9tiques de fa\u00e7on naturelle : R\u00e9gine Qu\u00e9va<\/a><\/li><li><a href='http:\/\/www.reginequeva.fr\/wp-content\/uploads\/2018\/06\/31-mai-2018_Les-produits-au-naturel-_-Regine-Queva.mp3'>\"Les produits au naturel\" : R\u00e9gine Qu\u00e9va<\/a><\/li><li><a href='http:\/\/www.reginequeva.fr\/wp-content\/uploads\/2017\/11\/Les-Experts-24.10.2017-1.mp3'>Produits naturels : Les Experts 24 10 2017<\/a><\/li><li><a href='http:\/\/www.reginequeva.fr\/wp-content\/uploads\/2017\/11\/comment-re\u0301aliser-des-produits-cosme\u0301tiques-ou\u0300-dentretien-de-fac\u0327on-naturelle-_-Re\u0301gine-Que\u0301va.mp3'>\"comment r\u00e9aliser des produits cosm\u00e9tiques o\u00f9 d'entretien de fa\u00e7on naturelle ? R\u00e9gine Qu\u00e9va<\/a><\/li><li><a href='http:\/\/www.reginequeva.fr\/wp-content\/uploads\/2018\/03\/prise-de-terre_20180310_standard_algues-marines-une-solution-pour-lutter_fd897e09-1e17-4806-9236-d04cecf0e435-128k-1.mp3'>Algues marines: une solution pour lutter contre la pollution au plastique? - 10.03.2018<\/a><\/li><li><a href='http:\/\/www.reginequeva.fr\/wp-content\/uploads\/2018\/01\/France-Bleu-Armorique-26-1-18.mp3'>On cuisine Les Algues ensemble - 26.01.2018<\/a><\/li>\t<\/ol>\n\t<\/noscript>\n\t<script type=\"application\/json\" class=\"wp-playlist-script\">{\"type\":\"audio\",\"tracklist\":true,\"tracknumbers\":true,\"images\":true,\"artists\":false,\"tracks\":[{\"src\":\"http:\/\/www.reginequeva.fr\/wp-content\/uploads\/2017\/08\/RTL-RQ-faire-ses-conserves-produits-cosmetiques-menagers-maison.mp3\",\"type\":\"audio\/mpeg\",\"title\":\"Faire ses conserves, produits cosm\\u00e9tiques & m\\u00e9nagers maison !\",\"caption\":\"Samedi 05 Oct 2019 sur RTL\\nFaire ses conserves, produits cosm\\u00e9tiques & m\\u00e9nagers maison !\",\"description\":\"\\u003Ci\\u003EFaire ses conserves, produits cosm\\u00e9tiques &amp; m\\u00e9nagers maison !\\u003C\/i\\u003E tir\\u00e9 de \\u003Ci\\u003ENous Voil\\u00e0 Bien !\\u003C\/i\\u003E Genre\\u00a0: Divertissement.\",\"meta\":{\"album\":\"Nous Voil\\u00e0 Bien !\",\"genre\":\"Divertissement\",\"length_formatted\":\"30:26\"},\"image\":{\"src\":\"http:\/\/www.reginequeva.fr\/wp-content\/uploads\/2019\/10\/RTL-RQ-faire-ses-conserves-produits-cosmetiques-menagers-maison-mp3-image.jpg\",\"width\":300,\"height\":200},\"thumb\":{\"src\":\"http:\/\/www.reginequeva.fr\/wp-content\/uploads\/2019\/10\/RTL-RQ-faire-ses-conserves-produits-cosmetiques-menagers-maison-mp3-image-150x150.jpg\",\"width\":150,\"height\":150}},{\"src\":\"http:\/\/www.reginequeva.fr\/wp-content\/uploads\/2018\/02\/Re\\u0301gine-Que\\u0301va-_-les-produit-naturels.mp3\",\"type\":\"audio\/mpeg\",\"title\":\"Produits naturels :mardi 27 f\\u00e9vrier 2018, 9h-9h30 R\\u00e9gine Qu\\u00e9va : les produit naturels\",\"caption\":\"Produits naturels mardi 27 f\\u00e9vrier 2018, 9h-9h30\",\"description\":\"Produits naturels mardi 27 f\\u00e9vrier 2018, 9h-9h30\",\"meta\":{\"artist\":\"France Bleu\",\"album\":\"Les Experts France Bleu Breizh Izel\",\"genre\":\"Podcast\",\"year\":\"2018\",\"length_formatted\":\"25:18\"},\"image\":{\"src\":\"http:\/\/www.reginequeva.fr\/wp-content\/uploads\/2017\/11\/comment-re\\u0301aliser-des-produits-cosme\\u0301tiques-ou\\u0300-dentretien-de-fac\\u0327on-naturelle-_-Re\\u0301gine-Que\\u0301va-mp3-image.jpg\",\"width\":1400,\"height\":1400},\"thumb\":{\"src\":\"http:\/\/www.reginequeva.fr\/wp-content\/uploads\/2017\/11\/comment-re\\u0301aliser-des-produits-cosme\\u0301tiques-ou\\u0300-dentretien-de-fac\\u0327on-naturelle-_-Re\\u0301gine-Que\\u0301va-mp3-image-150x150.jpg\",\"width\":150,\"height\":150}},{\"src\":\"http:\/\/www.reginequeva.fr\/wp-content\/uploads\/2018\/04\/Realiser-ses-produits-me\\u0301nagers-ou-cosme\\u0301tiques-de-fac\\u0327on-naturelle-_-Re\\u0301gine-Que\\u0301va.mp3\",\"type\":\"audio\/mpeg\",\"title\":\"Realiser ses produits m\\u00e9nagers ou cosm\\u00e9tiques de fa\\u00e7on naturelle : R\\u00e9gine Qu\\u00e9va\",\"caption\":\"\",\"description\":\"\\u003Ci\\u003ERealiser ses produits m\\u00e9nagers ou cosm\\u00e9tiques de fa\\u00e7on naturelle : R\\u00e9gine Qu\\u00e9va\\u003C\/i\\u003E tir\\u00e9 de \\u003Ci\\u003ELes Experts France Bleu Breizh Izel\\u003C\/i\\u003E par France Bleu. Date de sortie&nbsp;: 2018. Genre&nbsp;: Culture et soci\\u00e9t\\u00e9\",\"meta\":{\"artist\":\"France Bleu\",\"album\":\"Les Experts France Bleu Breizh Izel\",\"genre\":\"Culture et soci\\u00e9t\\u00e9\",\"year\":\"2018\",\"length_formatted\":\"28:31\"},\"image\":{\"src\":\"http:\/\/www.reginequeva.fr\/wp-content\/uploads\/2017\/11\/comment-re\\u0301aliser-des-produits-cosme\\u0301tiques-ou\\u0300-dentretien-de-fac\\u0327on-naturelle-_-Re\\u0301gine-Que\\u0301va-mp3-image.jpg\",\"width\":1400,\"height\":1400},\"thumb\":{\"src\":\"http:\/\/www.reginequeva.fr\/wp-content\/uploads\/2017\/11\/comment-re\\u0301aliser-des-produits-cosme\\u0301tiques-ou\\u0300-dentretien-de-fac\\u0327on-naturelle-_-Re\\u0301gine-Que\\u0301va-mp3-image-150x150.jpg\",\"width\":150,\"height\":150}},{\"src\":\"http:\/\/www.reginequeva.fr\/wp-content\/uploads\/2018\/06\/31-mai-2018_Les-produits-au-naturel-_-Regine-Queva.mp3\",\"type\":\"audio\/mpeg\",\"title\":\"\\\"Les produits au naturel\\\" : R\\u00e9gine Qu\\u00e9va\",\"caption\":\"\",\"description\":\"\\u003Ci\\u003ELes produits au naturel : R\\u00e9gine Qu\\u00e9va\\u003C\/i\\u003E tir\\u00e9 de \\u003Ci\\u003ELes Experts France Bleu Breizh Izel\\u003C\/i\\u003E par France Bleu. Date de sortie&nbsp;: 2018. Genre&nbsp;: Podcast\",\"meta\":{\"artist\":\"France Bleu\",\"album\":\"Les Experts France Bleu Breizh Izel\",\"genre\":\"Podcast\",\"year\":\"2018\",\"length_formatted\":\"24:58\"},\"image\":{\"src\":\"http:\/\/www.reginequeva.fr\/wp-content\/uploads\/2017\/11\/comment-re\\u0301aliser-des-produits-cosme\\u0301tiques-ou\\u0300-dentretien-de-fac\\u0327on-naturelle-_-Re\\u0301gine-Que\\u0301va-mp3-image.jpg\",\"width\":1400,\"height\":1400},\"thumb\":{\"src\":\"http:\/\/www.reginequeva.fr\/wp-content\/uploads\/2017\/11\/comment-re\\u0301aliser-des-produits-cosme\\u0301tiques-ou\\u0300-dentretien-de-fac\\u0327on-naturelle-_-Re\\u0301gine-Que\\u0301va-mp3-image-150x150.jpg\",\"width\":150,\"height\":150}},{\"src\":\"http:\/\/www.reginequeva.fr\/wp-content\/uploads\/2017\/11\/Les-Experts-24.10.2017-1.mp3\",\"type\":\"audio\/mpeg\",\"title\":\"Produits naturels : Les Experts 24 10 2017\",\"caption\":\"\",\"description\":\"Les Experts France Bleu Breizh Izel\",\"meta\":{\"artist\":\"France Bleu\",\"album\":\"Produits naturels Les Experts France Bleu Breizh Izel\",\"genre\":\"Culture et soci\\u00e9t\\u00e9\",\"year\":\"2017\",\"length_formatted\":\"31:33\"},\"image\":{\"src\":\"http:\/\/www.reginequeva.fr\/wp-content\/uploads\/2017\/11\/comment-re\\u0301aliser-des-produits-cosme\\u0301tiques-ou\\u0300-dentretien-de-fac\\u0327on-naturelle-_-Re\\u0301gine-Que\\u0301va-mp3-image.jpg\",\"width\":1400,\"height\":1400},\"thumb\":{\"src\":\"http:\/\/www.reginequeva.fr\/wp-content\/uploads\/2017\/11\/comment-re\\u0301aliser-des-produits-cosme\\u0301tiques-ou\\u0300-dentretien-de-fac\\u0327on-naturelle-_-Re\\u0301gine-Que\\u0301va-mp3-image-150x150.jpg\",\"width\":150,\"height\":150}},{\"src\":\"http:\/\/www.reginequeva.fr\/wp-content\/uploads\/2017\/11\/comment-re\\u0301aliser-des-produits-cosme\\u0301tiques-ou\\u0300-dentretien-de-fac\\u0327on-naturelle-_-Re\\u0301gine-Que\\u0301va.mp3\",\"type\":\"audio\/mpeg\",\"title\":\"\\\"comment r\\u00e9aliser des produits cosm\\u00e9tiques o\\u00f9 d'entretien de fa\\u00e7on naturelle ? R\\u00e9gine Qu\\u00e9va\",\"caption\":\"\",\"description\":\"\",\"meta\":{\"artist\":\"France Bleu\",\"album\":\"Les Experts France Bleu Breizh Izel\",\"genre\":\"Culture et soci\\u00e9t\\u00e9\",\"year\":\"2017\",\"length_formatted\":\"34:04\"},\"image\":{\"src\":\"http:\/\/www.reginequeva.fr\/wp-content\/uploads\/2017\/11\/comment-re\\u0301aliser-des-produits-cosme\\u0301tiques-ou\\u0300-dentretien-de-fac\\u0327on-naturelle-_-Re\\u0301gine-Que\\u0301va-mp3-image.jpg\",\"width\":1400,\"height\":1400},\"thumb\":{\"src\":\"http:\/\/www.reginequeva.fr\/wp-content\/uploads\/2017\/11\/comment-re\\u0301aliser-des-produits-cosme\\u0301tiques-ou\\u0300-dentretien-de-fac\\u0327on-naturelle-_-Re\\u0301gine-Que\\u0301va-mp3-image-150x150.jpg\",\"width\":150,\"height\":150}},{\"src\":\"http:\/\/www.reginequeva.fr\/wp-content\/uploads\/2018\/03\/prise-de-terre_20180310_standard_algues-marines-une-solution-pour-lutter_fd897e09-1e17-4806-9236-d04cecf0e435-128k-1.mp3\",\"type\":\"audio\/mpeg\",\"title\":\"Algues marines: une solution pour lutter contre la pollution au plastique? - 10.03.2018\",\"caption\":\"\",\"description\":\"Algues marines: une solution pour lutter contre la pollution au plastique?\",\"meta\":{\"artist\":\"Radio T\\u00e9l\\u00e9vision Suisse\",\"album\":\"RTS\",\"genre\":\"radio\",\"year\":\"2018\",\"length_formatted\":\"23:37\"},\"image\":{\"src\":\"http:\/\/www.reginequeva.fr\/wp-content\/uploads\/2018\/03\/prise-de-terre_20180310_standard_algues-marines-une-solution-pour-lutter_fd897e09-1e17-4806-9236-d04cecf0e435-128k-1-mp3-image.png\",\"width\":1000,\"height\":562},\"thumb\":{\"src\":\"http:\/\/www.reginequeva.fr\/wp-content\/uploads\/2018\/03\/prise-de-terre_20180310_standard_algues-marines-une-solution-pour-lutter_fd897e09-1e17-4806-9236-d04cecf0e435-128k-1-mp3-image-150x150.png\",\"width\":150,\"height\":150}},{\"src\":\"http:\/\/www.reginequeva.fr\/wp-content\/uploads\/2018\/01\/France-Bleu-Armorique-26-1-18.mp3\",\"type\":\"audio\/mpeg\",\"title\":\"On cuisine Les Algues ensemble - 26.01.2018\",\"caption\":\"\\\"On cuisine Les Algues ensemble\\\" : 26 janvier 2018\",\"description\":\"\\\"On cuisine Les Algues ensemble\\\" - 26.01.2018\",\"meta\":{\"artist\":\"France Bleu Armorique\",\"genre\":\"Podcast\",\"length_formatted\":\"53:14\"},\"image\":{\"src\":\"http:\/\/www.reginequeva.fr\/wp-content\/uploads\/2018\/01\/France-Bleu-Armorique-26-1-18-mp3-image.jpg\",\"width\":1400,\"height\":1400},\"thumb\":{\"src\":\"http:\/\/www.reginequeva.fr\/wp-content\/uploads\/2018\/01\/France-Bleu-Armorique-26-1-18-mp3-image-150x150.jpg\",\"width\":150,\"height\":150}}]}<\/script>\n<\/div>\n\t\n","protected":false},"excerpt":{"rendered":"<p>TV Atelier de cuisine aux algues Le futur dans votre assiette Algues\u00a0:\u00a0les nouvelles recettes beaut\u00e9 Vos recettes beaut\u00e9 sorties\u2026 de votre placard L\u2019algue dans\u00a0la gastronomie fran\u00e7aise Les communes passent\u00a0aux produits naturels Formation Cuisine aux algues Allo docteurs Algues des bienfaits insoup\u00e7onn\u00e9s Les mille et une vertus des algues\u00a0 Manger des algues bretonnes : \u00e7a vous [&hellip;]<\/p>\n","protected":false},"author":1,"featured_media":0,"comment_status":"closed","ping_status":"closed","sticky":true,"template":"","format":"standard","meta":{"_crdt_document":"","ocean_post_layout":"","ocean_both_sidebars_style":"","ocean_both_sidebars_content_width":0,"ocean_both_sidebars_sidebars_width":0,"ocean_sidebar":"0","ocean_second_sidebar":"0","ocean_disable_margins":"enable","ocean_add_body_class":"","ocean_shortcode_before_top_bar":"","ocean_shortcode_after_top_bar":"","ocean_shortcode_before_header":"","ocean_shortcode_after_header":"","ocean_has_shortcode":"","ocean_shortcode_after_title":"","ocean_shortcode_before_footer_widgets":"","ocean_shortcode_after_footer_widgets":"","ocean_shortcode_before_footer_bottom":"","ocean_shortcode_after_footer_bottom":"","ocean_display_top_bar":"default","ocean_display_header":"default","ocean_header_style":"","ocean_center_header_left_menu":"0","ocean_custom_header_template":"0","ocean_custom_logo":0,"ocean_custom_retina_logo":0,"ocean_custom_logo_max_width":0,"ocean_custom_logo_tablet_max_width":0,"ocean_custom_logo_mobile_max_width":0,"ocean_custom_logo_max_height":0,"ocean_custom_logo_tablet_max_height":0,"ocean_custom_logo_mobile_max_height":0,"ocean_header_custom_menu":"0","ocean_menu_typo_font_family":"0","ocean_menu_typo_font_subset":"","ocean_menu_typo_font_size":0,"ocean_menu_typo_font_size_tablet":0,"ocean_menu_typo_font_size_mobile":0,"ocean_menu_typo_font_size_unit":"px","ocean_menu_typo_font_weight":"","ocean_menu_typo_font_weight_tablet":"","ocean_menu_typo_font_weight_mobile":"","ocean_menu_typo_transform":"","ocean_menu_typo_transform_tablet":"","ocean_menu_typo_transform_mobile":"","ocean_menu_typo_line_height":0,"ocean_menu_typo_line_height_tablet":0,"ocean_menu_typo_line_height_mobile":0,"ocean_menu_typo_line_height_unit":"","ocean_menu_typo_spacing":0,"ocean_menu_typo_spacing_tablet":0,"ocean_menu_typo_spacing_mobile":0,"ocean_menu_typo_spacing_unit":"","ocean_menu_link_color":"","ocean_menu_link_color_hover":"","ocean_menu_link_color_active":"","ocean_menu_link_background":"","ocean_menu_link_hover_background":"","ocean_menu_link_active_background":"","ocean_menu_social_links_bg":"","ocean_menu_social_hover_links_bg":"","ocean_menu_social_links_color":"","ocean_menu_social_hover_links_color":"","ocean_disable_title":"default","ocean_disable_heading":"default","ocean_post_title":"","ocean_post_subheading":"","ocean_post_title_style":"","ocean_post_title_background_color":"","ocean_post_title_background":0,"ocean_post_title_bg_image_position":"","ocean_post_title_bg_image_attachment":"","ocean_post_title_bg_image_repeat":"","ocean_post_title_bg_image_size":"","ocean_post_title_height":0,"ocean_post_title_bg_overlay":0.5,"ocean_post_title_bg_overlay_color":"","ocean_disable_breadcrumbs":"default","ocean_breadcrumbs_color":"","ocean_breadcrumbs_separator_color":"","ocean_breadcrumbs_links_color":"","ocean_breadcrumbs_links_hover_color":"","ocean_display_footer_widgets":"default","ocean_display_footer_bottom":"default","ocean_custom_footer_template":"0","ocean_post_oembed":"","ocean_post_self_hosted_media":"","ocean_post_video_embed":"","ocean_link_format":"","ocean_link_format_target":"self","ocean_quote_format":"","ocean_quote_format_link":"post","ocean_gallery_link_images":"off","ocean_gallery_id":[],"footnotes":""},"categories":[51,49,50],"tags":[14,30,40,33,12],"class_list":["post-758","post","type-post","status-publish","format-standard","hentry","category-presse","category-radio","category-tv","tag-algues","tag-hygiene","tag-sante","tag-soins","tag-sortie","entry"],"_links":{"self":[{"href":"http:\/\/www.reginequeva.fr\/index.php?rest_route=\/wp\/v2\/posts\/758","targetHints":{"allow":["GET"]}}],"collection":[{"href":"http:\/\/www.reginequeva.fr\/index.php?rest_route=\/wp\/v2\/posts"}],"about":[{"href":"http:\/\/www.reginequeva.fr\/index.php?rest_route=\/wp\/v2\/types\/post"}],"author":[{"embeddable":true,"href":"http:\/\/www.reginequeva.fr\/index.php?rest_route=\/wp\/v2\/users\/1"}],"replies":[{"embeddable":true,"href":"http:\/\/www.reginequeva.fr\/index.php?rest_route=%2Fwp%2Fv2%2Fcomments&post=758"}],"version-history":[{"count":27,"href":"http:\/\/www.reginequeva.fr\/index.php?rest_route=\/wp\/v2\/posts\/758\/revisions"}],"predecessor-version":[{"id":4320,"href":"http:\/\/www.reginequeva.fr\/index.php?rest_route=\/wp\/v2\/posts\/758\/revisions\/4320"}],"wp:attachment":[{"href":"http:\/\/www.reginequeva.fr\/index.php?rest_route=%2Fwp%2Fv2%2Fmedia&parent=758"}],"wp:term":[{"taxonomy":"category","embeddable":true,"href":"http:\/\/www.reginequeva.fr\/index.php?rest_route=%2Fwp%2Fv2%2Fcategories&post=758"},{"taxonomy":"post_tag","embeddable":true,"href":"http:\/\/www.reginequeva.fr\/index.php?rest_route=%2Fwp%2Fv2%2Ftags&post=758"}],"curies":[{"name":"wp","href":"https:\/\/api.w.org\/{rel}","templated":true}]}}